{"id":940,"date":"2016-10-30T11:24:21","date_gmt":"2016-10-30T09:24:21","guid":{"rendered":"http:\/\/www.feuerwehr-preith.de\/wordpress\/?p=940"},"modified":"2023-02-08T07:51:04","modified_gmt":"2023-02-08T06:51:04","slug":"abwehrender-brandschutz-in-preith-gewaehrleistet-leistungspruefung-bei-der-feuerwehr","status":"publish","type":"post","link":"https:\/\/www.feuerwehr-preith.de\/wordpress\/2016\/10\/30\/abwehrender-brandschutz-in-preith-gewaehrleistet-leistungspruefung-bei-der-feuerwehr\/","title":{"rendered":"Abwehrender Brandschutz in Preith gew\u00e4hrleistet Leistungspr\u00fcfung bei der Feuerwehr"},"content":{"rendered":"<p>Nur lobende Worte fanden die Schiedsrichter der Kreisbrandinspektion Eichst\u00e4tt Kreisbrandinspektor Hans Baumeister sowie die Kreisbrandmeister Thomas Buchberger und Christian Rucker bei der Abnahme zur Leistungspr\u00fcfung der Freiwilligen Feuerwehr Preith. Auch B\u00fcrgermeister Wolfgang Wechsler zeigte sich erfreut \u00fcber die Qualit\u00e4t der Ausbildung der Feuerwehrdamen und \u2013m\u00e4nner. Die Beantwortung technischer Fragen, Knoten und Stiche, das Legen einer Schlauchleitung, sowie das Kuppeln der Saugschl\u00e4uche waren die Aufgaben der Feuerwehrmitglieder. Alle meisterten den zuvor an mehreren \u00dcbungsabenden ge\u00fcbten L\u00f6scheinsatz mit Erfolg. Der Preither Truppe um Kommandant Alexander Bauer wurde ein hoher Ausbildungsstand best\u00e4tigt. \u201eAber trotz abgelegter Pr\u00fcfung soll weiterhin an den \u00dcbungen teilgenommen werden, damit im Ernstfall schnell und sicher gehandelt werden kann\u201c, so die Inspektions-F\u00fchrungskr\u00e4fte.<\/p>\n<p>Folgende Abzeichen wurden verliehen:<\/p>\n<p><strong>Stufe III\/5<\/strong> (Gold-Rot): Christian Stark, Gabriel Karl, Norbert Albrecht, Manuel Margraf. <strong>Stufe III\/4<\/strong> (Gold\/Gr\u00fcn): Martin Nieberler.<br \/>\n<strong>Stufe III\/3<\/strong> (Gold\/Blau): Stefan Eberle, Patrick B\u00f6hm.<br \/>\n<strong>Stufe III<\/strong> (Gold): Andrea Pfaller, Ferdinand Margraf, Norbert Margraf, Maxi Bittl.<br \/>\n<strong>Stufe II<\/strong> (Silber): Nina Knopf, Dana Albrecht, Andr\u00e9 Schneider, Julian Bittl, Tobias Bauer.<br \/>\n<strong>Stufe I<\/strong> (Bronze): Alexander Schneider<\/p>\n<p>Link zum Zeitungsbericht: <a href=\"https:\/\/www.feuerwehr-preith.de\/wordpress\/wp-content\/uploads\/2016\/10\/LP-FFW-16-PDF-2.pdf\" rel=\"\">Leistungspr\u00fcfung 2016<\/a><\/p>\n<p>Alfred Nerb<\/p>\n","protected":false},"excerpt":{"rendered":"<p>Nur lobende Worte fanden die Schiedsrichter der Kreisbrandinspektion Eichst\u00e4tt Kreisbrandinspektor Hans Baumeister sowie die Kreisbrandmeister Thomas Buchberger und Christian Rucker bei der Abnahme zur Leistungspr\u00fcfung der Freiwilligen Feuerwehr Preith. Auch B\u00fcrgermeister Wolfgang Wechsler zeigte sich erfreut \u00fcber die Qualit\u00e4t der Ausbildung der Feuerwehrdamen und \u2013m\u00e4nner. Die Beantwortung technischer Fragen, Knoten und Stiche, das Legen einer [&hellip;]<\/p>\n","protected":false},"author":1,"featured_media":0,"comment_status":"closed","ping_status":"open","sticky":false,"template":"","format":"standard","meta":{"footnotes":""},"categories":[2],"tags":[],"class_list":["post-940","post","type-post","status-publish","format-standard","hentry","category-aktuelles"],"_links":{"self":[{"href":"https:\/\/www.feuerwehr-preith.de\/wordpress\/wp-json\/wp\/v2\/posts\/940","targetHints":{"allow":["GET"]}}],"collection":[{"href":"https:\/\/www.feuerwehr-preith.de\/wordpress\/wp-json\/wp\/v2\/posts"}],"about":[{"href":"https:\/\/www.feuerwehr-preith.de\/wordpress\/wp-json\/wp\/v2\/types\/post"}],"author":[{"embeddable":true,"href":"https:\/\/www.feuerwehr-preith.de\/wordpress\/wp-json\/wp\/v2\/users\/1"}],"replies":[{"embeddable":true,"href":"https:\/\/www.feuerwehr-preith.de\/wordpress\/wp-json\/wp\/v2\/comments?post=940"}],"version-history":[{"count":1,"href":"https:\/\/www.feuerwehr-preith.de\/wordpress\/wp-json\/wp\/v2\/posts\/940\/revisions"}],"predecessor-version":[{"id":1164,"href":"https:\/\/www.feuerwehr-preith.de\/wordpress\/wp-json\/wp\/v2\/posts\/940\/revisions\/1164"}],"wp:attachment":[{"href":"https:\/\/www.feuerwehr-preith.de\/wordpress\/wp-json\/wp\/v2\/media?parent=940"}],"wp:term":[{"taxonomy":"category","embeddable":true,"href":"https:\/\/www.feuerwehr-preith.de\/wordpress\/wp-json\/wp\/v2\/categories?post=940"},{"taxonomy":"post_tag","embeddable":true,"href":"https:\/\/www.feuerwehr-preith.de\/wordpress\/wp-json\/wp\/v2\/tags?post=940"}],"curies":[{"name":"wp","href":"https:\/\/api.w.org\/{rel}","templated":true}]}}