{"id":202,"date":"2014-03-27T19:08:34","date_gmt":"2014-03-27T17:08:34","guid":{"rendered":"http:\/\/www.feuerwehr-preith.de\/wordpress\/?p=202"},"modified":"2023-02-08T07:51:10","modified_gmt":"2023-02-08T06:51:10","slug":"volles-haus-beim-feuerwehrball-in-preith","status":"publish","type":"post","link":"https:\/\/www.feuerwehr-preith.de\/wordpress\/2014\/03\/27\/volles-haus-beim-feuerwehrball-in-preith\/","title":{"rendered":"Volles Haus beim Feuerwehrball in Preith"},"content":{"rendered":"<p>Volles Sportheim, beste Stimmung, tolles Programm beim Feuerwehrball in Preith. Bereits vor Er\u00f6ffnung durch den Stimmungsmacher und DJ Alex Kristen verbreitete sich gute Laune im Ballsaal. Der Preither Feuerwehr-Kommandant Alex Bauer begr\u00fc\u00dfte in seiner Ansprache die Besucher, besonders die vielen Kameradinnen und Kameraden aus dem benachbarten Buchenh\u00fcll, die in diesem Jahr ihr 125j\u00e4hriges Gr\u00fcndungsjubil\u00e4um feiern werden und die Preither Wehr als Patenverein ausgesucht haben. Samt Festdamen und Vorstandsriege waren sie mit dabei. Nach den ersten Liedern wurde durch Gabriel Karl die Preither Garde PGM angek\u00fcndigt, die mit ihrem Marschteil die G\u00e4ste zu ersten Applaus-St\u00fcrmen animierten.<\/p>\n<p>Zu bestens ausgew\u00e4hlter Musik zeigten die M\u00e4dchen und Jungs der Garde super Tanzformationen. Die Garde feiert in diesem Faschingswinter ihr 25j\u00e4hriges Jubil\u00e4um und man hatte dazu etwas ganz Besonderes einstudiert. Erste Hebefiguren bereits beim Marsch, das machte neugierig auf den Showteil der Garde. In der Umkleidepause brachte der Elferrat die Stimmung zum Brodeln. Als Cowboys, Cowgirls und mit Westernmusik hatten die jungen Darsteller bald das Publikum auf ihrer Seite und auf Zugaberufe hat man nicht lange warten m\u00fcssen.<\/p>\n<p>Danach war die Tanzfl\u00e4che wieder frei zur eigenen Bewegung. Ob Polka oder Rock, alles wurde seitens des DJ geboten, der auch so manchen Musikwunsch zu erf\u00fcllen hatte. Nach der Bar-Er\u00f6ffnung und so mancher St\u00e4rkung f\u00fcllte dann die Garde zum Showteil die B\u00fchne. Mit wei\u00dfen Kleidern und aktueller Musik zeigten die Jubil\u00e4umst\u00e4nzerinnen und \u2013t\u00e4nzer, warum sie mittlerweile im gesamten Landkreis bekannt sind und Auftritte verbuchen k\u00f6nnen. Eingeprobt von den Trainerinnen Steffi Nieberler und Andrea Pfaller wurde Akrobatik und Tanzen vom Feinsten gezeigt.<\/p>\n<p>Auch ein Medley der letzten f\u00fcnf Jahre wurde vorgetanzt und die G\u00e4ste im Sportheim bedankten sich mit gro\u00dfem Beifall und Zugaberufen. Zur Mitternacht zeigten die Feuerwehrler eine Einlage, die zeigt, dass trotz angespannter Lage in der Alterspflege, noch so mancher r\u00fcstige Rentner f\u00fcr \u00dcberraschungen und Sp\u00e4\u00dfe sorgen kann. So mancher Zuschauer musste nach Luft schnappen vor Lachen. Zum Programmende wurde dann noch der Kirchweihbaum vom Dorfplatz verlost und Alfred Margraf war der gl\u00fcckliche Gewinner und nahm die Holzdreingabe dankend an. Bis in die Morgenstunden wurde anschlie\u00dfend noch weitergefeiert bevor man im Schneetreiben den Nachhauseweg wagte.<\/p>\n<p><a title=\"Zu den Bildern\" href=\"http:\/\/www.feuerwehr-preith.de\/wordpress\/bildergalerien\/?album=3&amp;gallery=30\">Zu den Bildern<\/a>.<\/p>\n<p>Alfred Nerb<\/p>\n","protected":false},"excerpt":{"rendered":"<p>Volles Sportheim, beste Stimmung, tolles Programm beim Feuerwehrball in Preith. Bereits vor Er\u00f6ffnung durch den Stimmungsmacher und DJ Alex Kristen verbreitete sich gute Laune im Ballsaal. Der Preither Feuerwehr-Kommandant Alex Bauer begr\u00fc\u00dfte in seiner Ansprache die Besucher, besonders die vielen Kameradinnen und Kameraden aus dem benachbarten Buchenh\u00fcll, die in diesem Jahr ihr 125j\u00e4hriges Gr\u00fcndungsjubil\u00e4um feiern [&hellip;]<\/p>\n","protected":false},"author":1,"featured_media":0,"comment_status":"closed","ping_status":"open","sticky":false,"template":"","format":"standard","meta":{"footnotes":""},"categories":[2],"tags":[],"class_list":["post-202","post","type-post","status-publish","format-standard","hentry","category-aktuelles"],"_links":{"self":[{"href":"https:\/\/www.feuerwehr-preith.de\/wordpress\/wp-json\/wp\/v2\/posts\/202","targetHints":{"allow":["GET"]}}],"collection":[{"href":"https:\/\/www.feuerwehr-preith.de\/wordpress\/wp-json\/wp\/v2\/posts"}],"about":[{"href":"https:\/\/www.feuerwehr-preith.de\/wordpress\/wp-json\/wp\/v2\/types\/post"}],"author":[{"embeddable":true,"href":"https:\/\/www.feuerwehr-preith.de\/wordpress\/wp-json\/wp\/v2\/users\/1"}],"replies":[{"embeddable":true,"href":"https:\/\/www.feuerwehr-preith.de\/wordpress\/wp-json\/wp\/v2\/comments?post=202"}],"version-history":[{"count":1,"href":"https:\/\/www.feuerwehr-preith.de\/wordpress\/wp-json\/wp\/v2\/posts\/202\/revisions"}],"predecessor-version":[{"id":1168,"href":"https:\/\/www.feuerwehr-preith.de\/wordpress\/wp-json\/wp\/v2\/posts\/202\/revisions\/1168"}],"wp:attachment":[{"href":"https:\/\/www.feuerwehr-preith.de\/wordpress\/wp-json\/wp\/v2\/media?parent=202"}],"wp:term":[{"taxonomy":"category","embeddable":true,"href":"https:\/\/www.feuerwehr-preith.de\/wordpress\/wp-json\/wp\/v2\/categories?post=202"},{"taxonomy":"post_tag","embeddable":true,"href":"https:\/\/www.feuerwehr-preith.de\/wordpress\/wp-json\/wp\/v2\/tags?post=202"}],"curies":[{"name":"wp","href":"https:\/\/api.w.org\/{rel}","templated":true}]}}