{"id":158,"date":"2012-04-09T18:02:03","date_gmt":"2012-04-09T16:02:03","guid":{"rendered":"http:\/\/www.feuerwehr-preith.de\/wordpress\/?p=158"},"modified":"2023-02-08T07:51:18","modified_gmt":"2023-02-08T06:51:18","slug":"inspektion-mit-anschliesender-grosubung","status":"publish","type":"post","link":"https:\/\/www.feuerwehr-preith.de\/wordpress\/2012\/04\/09\/inspektion-mit-anschliesender-grosubung\/","title":{"rendered":"Inspektion mit anschlie\u00dfender Gro\u00df\u00fcbung"},"content":{"rendered":"<p>Nach der erfolgreichen Inspektion unseres Feuerwehrhauses durch die Kreisfeuerwehrf\u00fchrung am 24. M\u00e4rz 2012 ging es ab nach Seuversholz zur Gro\u00df\u00fcbung. Brand- und \u00dcbungsobjekt war das Raiffeisengeb\u00e4ude. Ein fiktiver Geb\u00e4udebrand wurde schnell und sicher unter Kontrolle gebracht. In der Abschlussbesprechung bescheinigten die Kreisbrandmeister um Kreisbrandinspektor G\u00fcnter Gallus eine hervorragende Arbeit. B\u00fcrgermeister Willi Schneider bedankte sich f\u00fcr das gro\u00dfe Engagement in den Feuerwehren und f\u00fcr den freiwilligen Dienst zur Gew\u00e4hrleistung der Sicherheit in den einzelnen Ortsteilen der Gemeinde.<\/p>\n<p>Bilder gibt es <a title=\"hier\" href=\"bildergalerien\/?album=3&amp;gallery=26\">hier<\/a>.<\/p>\n<p>Alfred Nerb<\/p>\n","protected":false},"excerpt":{"rendered":"<p>Nach der erfolgreichen Inspektion unseres Feuerwehrhauses durch die Kreisfeuerwehrf\u00fchrung am 24. M\u00e4rz 2012 ging es ab nach Seuversholz zur Gro\u00df\u00fcbung. Brand- und \u00dcbungsobjekt war das Raiffeisengeb\u00e4ude. Ein fiktiver Geb\u00e4udebrand wurde schnell und sicher unter Kontrolle gebracht. In der Abschlussbesprechung bescheinigten die Kreisbrandmeister um Kreisbrandinspektor G\u00fcnter Gallus eine hervorragende Arbeit. B\u00fcrgermeister Willi Schneider bedankte sich f\u00fcr [&hellip;]<\/p>\n","protected":false},"author":1,"featured_media":0,"comment_status":"closed","ping_status":"open","sticky":false,"template":"","format":"standard","meta":{"footnotes":""},"categories":[2],"tags":[],"class_list":["post-158","post","type-post","status-publish","format-standard","hentry","category-aktuelles"],"_links":{"self":[{"href":"https:\/\/www.feuerwehr-preith.de\/wordpress\/wp-json\/wp\/v2\/posts\/158","targetHints":{"allow":["GET"]}}],"collection":[{"href":"https:\/\/www.feuerwehr-preith.de\/wordpress\/wp-json\/wp\/v2\/posts"}],"about":[{"href":"https:\/\/www.feuerwehr-preith.de\/wordpress\/wp-json\/wp\/v2\/types\/post"}],"author":[{"embeddable":true,"href":"https:\/\/www.feuerwehr-preith.de\/wordpress\/wp-json\/wp\/v2\/users\/1"}],"replies":[{"embeddable":true,"href":"https:\/\/www.feuerwehr-preith.de\/wordpress\/wp-json\/wp\/v2\/comments?post=158"}],"version-history":[{"count":1,"href":"https:\/\/www.feuerwehr-preith.de\/wordpress\/wp-json\/wp\/v2\/posts\/158\/revisions"}],"predecessor-version":[{"id":1172,"href":"https:\/\/www.feuerwehr-preith.de\/wordpress\/wp-json\/wp\/v2\/posts\/158\/revisions\/1172"}],"wp:attachment":[{"href":"https:\/\/www.feuerwehr-preith.de\/wordpress\/wp-json\/wp\/v2\/media?parent=158"}],"wp:term":[{"taxonomy":"category","embeddable":true,"href":"https:\/\/www.feuerwehr-preith.de\/wordpress\/wp-json\/wp\/v2\/categories?post=158"},{"taxonomy":"post_tag","embeddable":true,"href":"https:\/\/www.feuerwehr-preith.de\/wordpress\/wp-json\/wp\/v2\/tags?post=158"}],"curies":[{"name":"wp","href":"https:\/\/api.w.org\/{rel}","templated":true}]}}