{"id":1081,"date":"2020-03-22T17:00:56","date_gmt":"2020-03-22T16:00:56","guid":{"rendered":"https:\/\/www.feuerwehr-preith.de\/wordpress\/?p=1081"},"modified":"2023-02-08T07:50:48","modified_gmt":"2023-02-08T06:50:48","slug":"viele-neuaufnahmen-bei-der-feuerwehr-preith","status":"publish","type":"post","link":"https:\/\/www.feuerwehr-preith.de\/wordpress\/2020\/03\/22\/viele-neuaufnahmen-bei-der-feuerwehr-preith\/","title":{"rendered":"Viele Neuaufnahmen bei der Feuerwehr Preith"},"content":{"rendered":"<p><strong>Regelm\u00e4\u00dfige Teilnahme an den \u00dcbungen sichert einen routinierten Einsatz im Ernstfall<\/strong><\/p>\n<p><strong>Preith<\/strong> &nbsp;&#8211; &nbsp;\u201eRegelm\u00e4\u00dfiges \u00dcben ist f\u00fcr jeden aktiven Feuerwehr-Dienstleistenden Pflicht\u201c &nbsp;so Kommandant Alexander Bauer bei der Jahresversammlung der Freiwilligen Feuerwehr Preith. Obwohl die Preither Wehr im vergangenen Jahr nur zu sechs Eins\u00e4tzen alarmiert wurde, standen wieder viele Termine auf dem Jahresprogramm. Derzeit sind von 137 Mitgliedern 58 Feuerwehrler aktiv im Dienst, davon 12 Feuerwehrfrauen.<\/p>\n<p>Monatlich finden \u00dcbungen statt, im Winter mit der UVV-Unterweisung, die mittlerweile f\u00fcr jeden am Einsatz teilnehmenden Aktiven eine Pflichtveranstaltung ist. Eine gemeinsame Technische-Hilfeleistung und Brandschutz\u00fcbung mit der Pollenfelder Wehr in Pollenfeld, eine \u00dcbung im Gewerbegebiet Preith mit Rettung unter Einsatz von Atemschutz und Vernebelung des Objektes und die Brandschutzwoche mit \u00dcbung zusammen mit den Wehren aus Weigersdorf, Seuversholz und Pollenfeld sind nur ein Auszug vieler Veranstaltungen im vergangenen Praxisjahr. Auch am Hilfeleistungskontigent zur Schnee-katastrophe nach Traunstein im Januar 2019 waren Aktive aus Preith mit dabei.<\/p>\n<p>Es werden noch Freiwillige gesucht, die die Ausbildung zum Atemschutzger\u00e4tetr\u00e4ger absolvieren wollen. Stefan Eberle hat diese im Jahr 2019 an der staatlichen Feuerwehrschule erfolgreich abgeschlossen. Jugendwart Tobias Bauer, der f\u00fcr Patrick B\u00f6hm das Amt \u00fcbernahm, konnte von einem L\u00f6schaufbau am Dorfplatz, Kennenlernen der Einsatzger\u00e4te und des Feuerwehrautos und Winterschulung f\u00fcr die Nachwuchsfeuerwehrler berichten. Die Modulare Truppmannausbildung f\u00fcr die Jugendlichen l\u00e4uft momentan an mehreren Kurstagen.<\/p>\n<p>Vorsitzender Gabriel Karl berichtete den Vereinsmitgliedern \u00fcber den gesellschaftlichen Teil des Feuerwehrvereins. Ob die Parkplatzeinweisung f\u00fcr die Gewerbeschau im Gewerbegebiet, der Florianstag inWeigersdorf, ein gelungenes Sommerfest am Feuerwehrhaus, die Teilnahme an Feuerwehrfesten in Titting und Petersbuch,&nbsp; der Kameradschaftsabend im Sportheim, das Aufstellen des Kirchweihbaumes oder letztendlich der Faschingsball im Sportheim, so standen viele Feste und Veranstaltungen auf dem umfangreichen Jahresprogramm.<\/p>\n<p>Im Namen der Gemeinde Pollenfeld bedankte sich der zweite B\u00fcrgermeister Siegfried Fries f\u00fcr die gute Zusammenarbeit und f\u00fcr das ehrenamtliche Engagement der Dienstleistenden und Mitglieder. Auch die gewissenhafte Pflege der Einsatzger\u00e4tschaften und der Ausstattung finden immer wieder gro\u00dfes Lob bei den Gemeindeverantwortlichen, so Fries. Ein neues Feuerwehrauto f\u00fcr die Preither steht an oberster Stelle und eine Neuanschaffung ist ja vom Gemeinderat bereits beschlossen worden.<\/p>\n<p>Kreisbrandinspektor Hans Baumeister ist bewusst, dass einige Feuerwehren allgemein Nachwuchsprobleme haben, deshalb ist es wichtig an die Jugendlichen heranzutreten und f\u00fcr die Feuerwehr zu werben. Positiv ist die Bildung von Ausr\u00fcckegemeinschaften, da viele Feuerwehrler ja tags\u00fcber beruflich verhindert sind und nicht zum Einsatz kommen k\u00f6nnen. Er stellte die Landkreislehrg\u00e4nge vor und bat um Fort- und Weiterbildung. \u201eDenn im Ernstfall muss man sich auf die Einsatzkr\u00e4fte der Feuerwehr verlassen k\u00f6nnen und dazu braucht man motivierte und gut ausgebildete Mitglieder\u201c.<\/p>\n<p>Einige neue Mitglieder konnten zur Feuerwehr Preith aufgenommen werden. So traten der Jugendfeuerwehr&nbsp; Korbinian Bauch, Johannes Bauer, Niklas Wutzer und Tim Gabler bei. Im Kreis der erwachsenen Feuerwehrler konnten Luis Bauch, Hannes Bauch, Michael Frey, Stefan Innerhofer, Richard Kluy, Daniel Sch\u00e4ftner, Lena Sch\u00e4ftner, Sabrina Schneider, Ramona Karl, Daniel Hirschbeck und Florian Bernecker aufgenommen werden.<\/p>\n<p><em>Alfred Nerb<\/em><\/p>\n","protected":false},"excerpt":{"rendered":"<p>Regelm\u00e4\u00dfige Teilnahme an den \u00dcbungen sichert einen routinierten Einsatz im Ernstfall Preith &nbsp;&#8211; &nbsp;\u201eRegelm\u00e4\u00dfiges \u00dcben ist f\u00fcr jeden aktiven Feuerwehr-Dienstleistenden Pflicht\u201c &nbsp;so Kommandant Alexander Bauer bei der Jahresversammlung der Freiwilligen Feuerwehr Preith. Obwohl die Preither Wehr im vergangenen Jahr nur zu sechs Eins\u00e4tzen alarmiert wurde, standen wieder viele Termine auf dem Jahresprogramm. Derzeit sind von [&hellip;]<\/p>\n","protected":false},"author":1,"featured_media":0,"comment_status":"closed","ping_status":"open","sticky":false,"template":"","format":"standard","meta":{"footnotes":""},"categories":[2],"tags":[],"class_list":["post-1081","post","type-post","status-publish","format-standard","hentry","category-aktuelles"],"_links":{"self":[{"href":"https:\/\/www.feuerwehr-preith.de\/wordpress\/wp-json\/wp\/v2\/posts\/1081","targetHints":{"allow":["GET"]}}],"collection":[{"href":"https:\/\/www.feuerwehr-preith.de\/wordpress\/wp-json\/wp\/v2\/posts"}],"about":[{"href":"https:\/\/www.feuerwehr-preith.de\/wordpress\/wp-json\/wp\/v2\/types\/post"}],"author":[{"embeddable":true,"href":"https:\/\/www.feuerwehr-preith.de\/wordpress\/wp-json\/wp\/v2\/users\/1"}],"replies":[{"embeddable":true,"href":"https:\/\/www.feuerwehr-preith.de\/wordpress\/wp-json\/wp\/v2\/comments?post=1081"}],"version-history":[{"count":1,"href":"https:\/\/www.feuerwehr-preith.de\/wordpress\/wp-json\/wp\/v2\/posts\/1081\/revisions"}],"predecessor-version":[{"id":1157,"href":"https:\/\/www.feuerwehr-preith.de\/wordpress\/wp-json\/wp\/v2\/posts\/1081\/revisions\/1157"}],"wp:attachment":[{"href":"https:\/\/www.feuerwehr-preith.de\/wordpress\/wp-json\/wp\/v2\/media?parent=1081"}],"wp:term":[{"taxonomy":"category","embeddable":true,"href":"https:\/\/www.feuerwehr-preith.de\/wordpress\/wp-json\/wp\/v2\/categories?post=1081"},{"taxonomy":"post_tag","embeddable":true,"href":"https:\/\/www.feuerwehr-preith.de\/wordpress\/wp-json\/wp\/v2\/tags?post=1081"}],"curies":[{"name":"wp","href":"https:\/\/api.w.org\/{rel}","templated":true}]}}